{"id":606,"date":"2023-12-08T16:45:21","date_gmt":"2023-12-08T16:45:21","guid":{"rendered":"https:\/\/alambicproduction.com\/?p=606"},"modified":"2023-12-15T15:54:16","modified_gmt":"2023-12-15T15:54:16","slug":"franz-west-17","status":"publish","type":"post","link":"https:\/\/alambicproduction.com\/fr\/franz-west-17\/","title":{"rendered":"Neige d&rsquo;Orhan Pamuk au Th\u00e9\u00e2tre National de Strasbourg"},"content":{"rendered":"\n<p>Mise en sc\u00e8ne par Blandine Savetier &#8211; 2017 <br\/>D\u2019apr\u00e8s le livre Neige d\u2019Orhan Pamuk<\/p>\n","protected":false},"excerpt":{"rendered":"<p>Mise en sc\u00e8ne par Blandine Savetier &#8211; 2017 D\u2019apr\u00e8s le livre Neige d\u2019Orhan Pamuk<\/p>\n","protected":false},"author":1,"featured_media":523,"comment_status":"closed","ping_status":"open","sticky":false,"template":"","format":"standard","meta":{"_acf_changed":false,"inline_featured_image":false,"footnotes":""},"categories":[25,12],"tags":[],"class_list":["post-606","post","type-post","status-publish","format-standard","has-post-thumbnail","hentry","category-documentaire","category-films"],"acf":[],"yoast_head":"<!-- This site is optimized with the Yoast SEO plugin v27.4 - https:\/\/yoast.com\/product\/yoast-seo-wordpress\/ -->\n<title>Neige d&#039;Orhan Pamuk au Th\u00e9\u00e2tre National de Strasbourg - Alambic Production<\/title>\n<meta name=\"robots\" content=\"index, follow, max-snippet:-1, max-image-preview:large, max-video-preview:-1\" \/>\n<link rel=\"canonical\" href=\"https:\/\/alambicproduction.com\/fr\/franz-west-17\/\" \/>\n<meta property=\"og:locale\" content=\"fr_FR\" \/>\n<meta property=\"og:type\" content=\"article\" \/>\n<meta property=\"og:title\" content=\"Neige d&#039;Orhan Pamuk au Th\u00e9\u00e2tre National de Strasbourg - Alambic Production\" \/>\n<meta property=\"og:description\" content=\"Mise en sc\u00e8ne par Blandine Savetier &#8211; 2017 D\u2019apr\u00e8s le livre Neige d\u2019Orhan Pamuk\" \/>\n<meta property=\"og:url\" content=\"https:\/\/alambicproduction.com\/fr\/franz-west-17\/\" \/>\n<meta property=\"og:site_name\" content=\"Alambic Production\" \/>\n<meta property=\"article:published_time\" content=\"2023-12-08T16:45:21+00:00\" \/>\n<meta property=\"article:modified_time\" content=\"2023-12-15T15:54:16+00:00\" \/>\n<meta property=\"og:image\" content=\"https:\/\/alambicproduction.com\/wp-content\/uploads\/2023\/12\/IMG_0929.jpg\" \/>\n\t<meta property=\"og:image:width\" content=\"917\" \/>\n\t<meta property=\"og:image:height\" content=\"516\" \/>\n\t<meta property=\"og:image:type\" content=\"image\/jpeg\" \/>\n<meta name=\"author\" content=\"amodir\" \/>\n<meta name=\"twitter:card\" content=\"summary_large_image\" \/>\n<meta name=\"twitter:label1\" content=\"\u00c9crit par\" \/>\n\t<meta name=\"twitter:data1\" content=\"amodir\" \/>\n<script type=\"application\/ld+json\" class=\"yoast-schema-graph\">{\"@context\":\"https:\\\/\\\/schema.org\",\"@graph\":[{\"@type\":\"Article\",\"@id\":\"https:\\\/\\\/alambicproduction.com\\\/fr\\\/franz-west-17\\\/#article\",\"isPartOf\":{\"@id\":\"https:\\\/\\\/alambicproduction.com\\\/fr\\\/franz-west-17\\\/\"},\"author\":{\"name\":\"amodir\",\"@id\":\"https:\\\/\\\/alambicproduction.com\\\/fr\\\/#\\\/schema\\\/person\\\/123a31923564d7b708fb6582407fb96b\"},\"headline\":\"Neige d&rsquo;Orhan Pamuk au Th\u00e9\u00e2tre National de Strasbourg\",\"datePublished\":\"2023-12-08T16:45:21+00:00\",\"dateModified\":\"2023-12-15T15:54:16+00:00\",\"mainEntityOfPage\":{\"@id\":\"https:\\\/\\\/alambicproduction.com\\\/fr\\\/franz-west-17\\\/\"},\"wordCount\":26,\"image\":{\"@id\":\"https:\\\/\\\/alambicproduction.com\\\/fr\\\/franz-west-17\\\/#primaryimage\"},\"thumbnailUrl\":\"https:\\\/\\\/alambicproduction.com\\\/wp-content\\\/uploads\\\/2023\\\/12\\\/IMG_0929.jpg\",\"articleSection\":[\"Documentaire\",\"Films\"],\"inLanguage\":\"fr-FR\"},{\"@type\":\"WebPage\",\"@id\":\"https:\\\/\\\/alambicproduction.com\\\/fr\\\/franz-west-17\\\/\",\"url\":\"https:\\\/\\\/alambicproduction.com\\\/fr\\\/franz-west-17\\\/\",\"name\":\"Neige d'Orhan Pamuk au Th\u00e9\u00e2tre National de Strasbourg - Alambic Production\",\"isPartOf\":{\"@id\":\"https:\\\/\\\/alambicproduction.com\\\/fr\\\/#website\"},\"primaryImageOfPage\":{\"@id\":\"https:\\\/\\\/alambicproduction.com\\\/fr\\\/franz-west-17\\\/#primaryimage\"},\"image\":{\"@id\":\"https:\\\/\\\/alambicproduction.com\\\/fr\\\/franz-west-17\\\/#primaryimage\"},\"thumbnailUrl\":\"https:\\\/\\\/alambicproduction.com\\\/wp-content\\\/uploads\\\/2023\\\/12\\\/IMG_0929.jpg\",\"datePublished\":\"2023-12-08T16:45:21+00:00\",\"dateModified\":\"2023-12-15T15:54:16+00:00\",\"author\":{\"@id\":\"https:\\\/\\\/alambicproduction.com\\\/fr\\\/#\\\/schema\\\/person\\\/123a31923564d7b708fb6582407fb96b\"},\"breadcrumb\":{\"@id\":\"https:\\\/\\\/alambicproduction.com\\\/fr\\\/franz-west-17\\\/#breadcrumb\"},\"inLanguage\":\"fr-FR\",\"potentialAction\":[{\"@type\":\"ReadAction\",\"target\":[\"https:\\\/\\\/alambicproduction.com\\\/fr\\\/franz-west-17\\\/\"]}]},{\"@type\":\"ImageObject\",\"inLanguage\":\"fr-FR\",\"@id\":\"https:\\\/\\\/alambicproduction.com\\\/fr\\\/franz-west-17\\\/#primaryimage\",\"url\":\"https:\\\/\\\/alambicproduction.com\\\/wp-content\\\/uploads\\\/2023\\\/12\\\/IMG_0929.jpg\",\"contentUrl\":\"https:\\\/\\\/alambicproduction.com\\\/wp-content\\\/uploads\\\/2023\\\/12\\\/IMG_0929.jpg\",\"width\":917,\"height\":516},{\"@type\":\"BreadcrumbList\",\"@id\":\"https:\\\/\\\/alambicproduction.com\\\/fr\\\/franz-west-17\\\/#breadcrumb\",\"itemListElement\":[{\"@type\":\"ListItem\",\"position\":1,\"name\":\"Home\",\"item\":\"https:\\\/\\\/alambicproduction.com\\\/fr\\\/\"},{\"@type\":\"ListItem\",\"position\":2,\"name\":\"Neige d&rsquo;Orhan Pamuk au Th\u00e9\u00e2tre National de Strasbourg\"}]},{\"@type\":\"WebSite\",\"@id\":\"https:\\\/\\\/alambicproduction.com\\\/fr\\\/#website\",\"url\":\"https:\\\/\\\/alambicproduction.com\\\/fr\\\/\",\"name\":\"Alambic Production\",\"description\":\"Official website\",\"potentialAction\":[{\"@type\":\"SearchAction\",\"target\":{\"@type\":\"EntryPoint\",\"urlTemplate\":\"https:\\\/\\\/alambicproduction.com\\\/fr\\\/?s={search_term_string}\"},\"query-input\":{\"@type\":\"PropertyValueSpecification\",\"valueRequired\":true,\"valueName\":\"search_term_string\"}}],\"inLanguage\":\"fr-FR\"},{\"@type\":\"Person\",\"@id\":\"https:\\\/\\\/alambicproduction.com\\\/fr\\\/#\\\/schema\\\/person\\\/123a31923564d7b708fb6582407fb96b\",\"name\":\"amodir\",\"image\":{\"@type\":\"ImageObject\",\"inLanguage\":\"fr-FR\",\"@id\":\"https:\\\/\\\/secure.gravatar.com\\\/avatar\\\/77168a99f8715b9e84f0c606395aa1a4be62827178cecfb4cfc92246a8b36450?s=96&d=mm&r=g\",\"url\":\"https:\\\/\\\/secure.gravatar.com\\\/avatar\\\/77168a99f8715b9e84f0c606395aa1a4be62827178cecfb4cfc92246a8b36450?s=96&d=mm&r=g\",\"contentUrl\":\"https:\\\/\\\/secure.gravatar.com\\\/avatar\\\/77168a99f8715b9e84f0c606395aa1a4be62827178cecfb4cfc92246a8b36450?s=96&d=mm&r=g\",\"caption\":\"amodir\"},\"sameAs\":[\"http:\\\/\\\/localhost:8888\\\/alabamic\"],\"url\":\"https:\\\/\\\/alambicproduction.com\\\/fr\\\/author\\\/amodir\\\/\"}]}<\/script>\n<!-- \/ Yoast SEO plugin. -->","yoast_head_json":{"title":"Neige d'Orhan Pamuk au Th\u00e9\u00e2tre National de Strasbourg - Alambic Production","robots":{"index":"index","follow":"follow","max-snippet":"max-snippet:-1","max-image-preview":"max-image-preview:large","max-video-preview":"max-video-preview:-1"},"canonical":"https:\/\/alambicproduction.com\/fr\/franz-west-17\/","og_locale":"fr_FR","og_type":"article","og_title":"Neige d'Orhan Pamuk au Th\u00e9\u00e2tre National de Strasbourg - Alambic Production","og_description":"Mise en sc\u00e8ne par Blandine Savetier &#8211; 2017 D\u2019apr\u00e8s le livre Neige d\u2019Orhan Pamuk","og_url":"https:\/\/alambicproduction.com\/fr\/franz-west-17\/","og_site_name":"Alambic Production","article_published_time":"2023-12-08T16:45:21+00:00","article_modified_time":"2023-12-15T15:54:16+00:00","og_image":[{"width":917,"height":516,"url":"https:\/\/alambicproduction.com\/wp-content\/uploads\/2023\/12\/IMG_0929.jpg","type":"image\/jpeg"}],"author":"amodir","twitter_card":"summary_large_image","twitter_misc":{"\u00c9crit par":"amodir"},"schema":{"@context":"https:\/\/schema.org","@graph":[{"@type":"Article","@id":"https:\/\/alambicproduction.com\/fr\/franz-west-17\/#article","isPartOf":{"@id":"https:\/\/alambicproduction.com\/fr\/franz-west-17\/"},"author":{"name":"amodir","@id":"https:\/\/alambicproduction.com\/fr\/#\/schema\/person\/123a31923564d7b708fb6582407fb96b"},"headline":"Neige d&rsquo;Orhan Pamuk au Th\u00e9\u00e2tre National de Strasbourg","datePublished":"2023-12-08T16:45:21+00:00","dateModified":"2023-12-15T15:54:16+00:00","mainEntityOfPage":{"@id":"https:\/\/alambicproduction.com\/fr\/franz-west-17\/"},"wordCount":26,"image":{"@id":"https:\/\/alambicproduction.com\/fr\/franz-west-17\/#primaryimage"},"thumbnailUrl":"https:\/\/alambicproduction.com\/wp-content\/uploads\/2023\/12\/IMG_0929.jpg","articleSection":["Documentaire","Films"],"inLanguage":"fr-FR"},{"@type":"WebPage","@id":"https:\/\/alambicproduction.com\/fr\/franz-west-17\/","url":"https:\/\/alambicproduction.com\/fr\/franz-west-17\/","name":"Neige d'Orhan Pamuk au Th\u00e9\u00e2tre National de Strasbourg - Alambic Production","isPartOf":{"@id":"https:\/\/alambicproduction.com\/fr\/#website"},"primaryImageOfPage":{"@id":"https:\/\/alambicproduction.com\/fr\/franz-west-17\/#primaryimage"},"image":{"@id":"https:\/\/alambicproduction.com\/fr\/franz-west-17\/#primaryimage"},"thumbnailUrl":"https:\/\/alambicproduction.com\/wp-content\/uploads\/2023\/12\/IMG_0929.jpg","datePublished":"2023-12-08T16:45:21+00:00","dateModified":"2023-12-15T15:54:16+00:00","author":{"@id":"https:\/\/alambicproduction.com\/fr\/#\/schema\/person\/123a31923564d7b708fb6582407fb96b"},"breadcrumb":{"@id":"https:\/\/alambicproduction.com\/fr\/franz-west-17\/#breadcrumb"},"inLanguage":"fr-FR","potentialAction":[{"@type":"ReadAction","target":["https:\/\/alambicproduction.com\/fr\/franz-west-17\/"]}]},{"@type":"ImageObject","inLanguage":"fr-FR","@id":"https:\/\/alambicproduction.com\/fr\/franz-west-17\/#primaryimage","url":"https:\/\/alambicproduction.com\/wp-content\/uploads\/2023\/12\/IMG_0929.jpg","contentUrl":"https:\/\/alambicproduction.com\/wp-content\/uploads\/2023\/12\/IMG_0929.jpg","width":917,"height":516},{"@type":"BreadcrumbList","@id":"https:\/\/alambicproduction.com\/fr\/franz-west-17\/#breadcrumb","itemListElement":[{"@type":"ListItem","position":1,"name":"Home","item":"https:\/\/alambicproduction.com\/fr\/"},{"@type":"ListItem","position":2,"name":"Neige d&rsquo;Orhan Pamuk au Th\u00e9\u00e2tre National de Strasbourg"}]},{"@type":"WebSite","@id":"https:\/\/alambicproduction.com\/fr\/#website","url":"https:\/\/alambicproduction.com\/fr\/","name":"Alambic Production","description":"Official website","potentialAction":[{"@type":"SearchAction","target":{"@type":"EntryPoint","urlTemplate":"https:\/\/alambicproduction.com\/fr\/?s={search_term_string}"},"query-input":{"@type":"PropertyValueSpecification","valueRequired":true,"valueName":"search_term_string"}}],"inLanguage":"fr-FR"},{"@type":"Person","@id":"https:\/\/alambicproduction.com\/fr\/#\/schema\/person\/123a31923564d7b708fb6582407fb96b","name":"amodir","image":{"@type":"ImageObject","inLanguage":"fr-FR","@id":"https:\/\/secure.gravatar.com\/avatar\/77168a99f8715b9e84f0c606395aa1a4be62827178cecfb4cfc92246a8b36450?s=96&d=mm&r=g","url":"https:\/\/secure.gravatar.com\/avatar\/77168a99f8715b9e84f0c606395aa1a4be62827178cecfb4cfc92246a8b36450?s=96&d=mm&r=g","contentUrl":"https:\/\/secure.gravatar.com\/avatar\/77168a99f8715b9e84f0c606395aa1a4be62827178cecfb4cfc92246a8b36450?s=96&d=mm&r=g","caption":"amodir"},"sameAs":["http:\/\/localhost:8888\/alabamic"],"url":"https:\/\/alambicproduction.com\/fr\/author\/amodir\/"}]}},"_links":{"self":[{"href":"https:\/\/alambicproduction.com\/fr\/wp-json\/wp\/v2\/posts\/606","targetHints":{"allow":["GET"]}}],"collection":[{"href":"https:\/\/alambicproduction.com\/fr\/wp-json\/wp\/v2\/posts"}],"about":[{"href":"https:\/\/alambicproduction.com\/fr\/wp-json\/wp\/v2\/types\/post"}],"author":[{"embeddable":true,"href":"https:\/\/alambicproduction.com\/fr\/wp-json\/wp\/v2\/users\/1"}],"replies":[{"embeddable":true,"href":"https:\/\/alambicproduction.com\/fr\/wp-json\/wp\/v2\/comments?post=606"}],"version-history":[{"count":3,"href":"https:\/\/alambicproduction.com\/fr\/wp-json\/wp\/v2\/posts\/606\/revisions"}],"predecessor-version":[{"id":766,"href":"https:\/\/alambicproduction.com\/fr\/wp-json\/wp\/v2\/posts\/606\/revisions\/766"}],"wp:featuredmedia":[{"embeddable":true,"href":"https:\/\/alambicproduction.com\/fr\/wp-json\/wp\/v2\/media\/523"}],"wp:attachment":[{"href":"https:\/\/alambicproduction.com\/fr\/wp-json\/wp\/v2\/media?parent=606"}],"wp:term":[{"taxonomy":"category","embeddable":true,"href":"https:\/\/alambicproduction.com\/fr\/wp-json\/wp\/v2\/categories?post=606"},{"taxonomy":"post_tag","embeddable":true,"href":"https:\/\/alambicproduction.com\/fr\/wp-json\/wp\/v2\/tags?post=606"}],"curies":[{"name":"wp","href":"https:\/\/api.w.org\/{rel}","templated":true}]}}